{"id":450,"date":"2022-11-16T10:25:55","date_gmt":"2022-11-16T10:25:55","guid":{"rendered":"https:\/\/guicosta.pt\/?p=450"},"modified":"2022-11-16T11:01:43","modified_gmt":"2022-11-16T11:01:43","slug":"pais-retangular-de-mentes-quadradas","status":"publish","type":"post","link":"https:\/\/guicosta.pt\/en\/pais-retangular-de-mentes-quadradas\/","title":{"rendered":"Pa\u00eds Retangular de Mentes Quadradas"},"content":{"rendered":"<p class=\"css-w11q5b\">Cada vez mais se discute estrat\u00e9gia, do que se devia fazer, quem o deveria fazer e quando. Mas os anos passam e ningu\u00e9m faz nada. Os dados s\u00e3o cada vez piores e parece que toda a gente sabe o que se passa e nada \u00e9 feito, na impot\u00eancia de uma depend\u00eancia inerte.<\/p>\n<p class=\"css-w11q5b\">Poder\u00e1 ser este a manifesta\u00e7\u00e3o e exemplo do Efeito do Espectador? O Efeito do Espectador \u00e9 o que acontece quando algu\u00e9m \u00e9 v\u00edtima de algo em frente a uma multid\u00e3o, que poderia facilmente ser prevenido ou ver reduzida a sua gravidade se algu\u00e9m interviesse. Todavia, ningu\u00e9m interv\u00e9m e o grupo de pessoas, que pode bem ser consider\u00e1vel, mant\u00e9m-se inativo. Vemos imensos v\u00eddeos na internet onde uma multid\u00e3o cerca uma cena violenta, claramente incorreta, e julgamos a pavidez daqueles que levantam a m\u00e3o, apenas para filmar com o seu telem\u00f3vel.<\/p>\n<p class=\"css-w11q5b\">Acredita-se que pela responsabilidade ser t\u00e3o dilu\u00edda por todos os presentes que, quando ningu\u00e9m toma iniciativa e ningu\u00e9m interv\u00e9m, tal deve-se \u00e0 raz\u00e3o de todos os presentes sentirem a aus\u00eancia de responsabilidade individual e necessidade de intervir. Se ningu\u00e9m faz, \u00e9 porque n\u00e3o \u00e9 para fazer, porque se fosse, j\u00e1 algu\u00e9m teria feito.<\/p>\n<p class=\"css-w11q5b\">H\u00e1 quem diga que somos um povo demasiado brando, passivo, tacanho, pequeno em territ\u00f3rio, popula\u00e7\u00e3o e ambi\u00e7\u00e3o. Um pa\u00eds retangular de mentes quadradas.<\/p>\n<p class=\"css-w11q5b\">Todavia, h\u00e1 quem olhe para a nossa hist\u00f3ria e veja claramente um contraste com esta descri\u00e7\u00e3o. N\u00e3o somos um povo brando, nascemos rebeldes, de uma zanga entre filho e m\u00e3e, de um reino ganho com o punho cerrado numa espada. S\u00f3 uma, entre tantas revolu\u00e7\u00f5es come\u00e7ou com m\u00fasica na r\u00e1dio, envolveu cravos e foi mais ou menos pac\u00edfica. Todas as outras todas fizeram rodar cabe\u00e7as e em todas se lutou pela vida e o direito de a viver.<\/p>\n<p class=\"css-w11q5b\">Somos um dos pa\u00edses mais antigos do mundo, mas n\u00e3o somos o Velho do Restelo, somos os Navegadores que n\u00e3o sabiam bem por onde iam, mas confiaram que tinham o que era preciso para l\u00e1 chegar. N\u00e3o nos falta rebeldia.<\/p>\n<p class=\"css-w11q5b\">Falta-nos a confian\u00e7a de que conseguimos ir para onde queremos ir.<\/p>\n<p class=\"css-w11q5b\"><strong>Como parar a in\u00e9rcia e aumentar a confian\u00e7a?<\/strong><br \/>\nEst\u00e1 provado que o exerc\u00edcio f\u00edsico previne e combate a depress\u00e3o, aumentando a autoconfian\u00e7a. N\u00e3o quero com isto dizer que devemos todos ir ao gin\u00e1sio, mas quem faz exerc\u00edcio f\u00edsico sabe que ir ao gin\u00e1sio uma ou at\u00e9 mesmo dez vezes isoladas, os resultados n\u00e3o aparecem no espelho. A real confian\u00e7a n\u00e3o \u00e9 depositada nos exerc\u00edcios isolados, \u00e9 no processo cont\u00ednuo da sua pr\u00e1tica, \u00e9 acreditar e saber que, se a nossa dieta for saud\u00e1vel e praticarmos desporto com regularidade e continuidade, com toda a certeza iremos ver os resultados no espelho dentro em breve.<\/p>\n<p class=\"css-w11q5b\"><strong>Falta-nos acreditar no processo de transforma\u00e7\u00e3o<\/strong><br \/>\nComo se faz para se acreditar no processo? A resposta \u00e9 dada por Cam\u00f5es, embarcando e deixando o Velho do Restelo a falar sozinho. \u00c9 continuar a ir ao gin\u00e1sio, apesar das dores, \u00e9 deixar de comer fast food apesar do apetite. \u00c9 fazer e praticar, \u00e9 plantar sementes de \u00e1rvores que v\u00e3o dar frutos para serem colhidos por mais gente. \u00c9 uma f\u00e9 que se pratica. Porque a confian\u00e7a constr\u00f3i-se com a experi\u00eancia e espalha-se tal v\u00edrus que a abateu.<\/p>\n<p class=\"css-w11q5b\">Talvez a resposta seja afastar-nos da multid\u00e3o, de incentivar a iniciativa e responsabilidade individual. Todos sabemos para onde queremos ir, mas parece-me que nos perdemos numa discuss\u00e3o de responsabilidades dilu\u00eddas que, pela sua falta de defini\u00e7\u00e3o, se transformam num castelo de areia num dia de chuva. Tal como a responsabilidade dilu\u00edda de uma multid\u00e3o que decide filmar inv\u00e9s de intervir.<\/p>\n<p class=\"css-w11q5b\">Est\u00e1 na hora de deixarmos de apontar dedos, de se queixar da falta de apoios, financiamentos e pol\u00edticas. Deixemos de estar \u00e0 espera que as pol\u00edticas escritas por quem n\u00e3o conhece mais do que a sua realidade confort\u00e1vel, resolvam problem\u00e1ticas que n\u00e3o passam de um papel com n\u00fameros para quem n\u00e3o as vive.<\/p>\n<p class=\"css-w11q5b\">A estrat\u00e9gia tem de ser o que posso fazer melhor, com os meios e recursos que tenho agora.<\/p>\n<p class=\"css-w11q5b\">A estrat\u00e9gia passa em arredondar os cantos infinitamente, passo a passo, para encontrarmos um epicentro de um povo orgulhoso no seu passado, ocupado no seu presente e confiante no seu futuro.<\/p>\n<p>&nbsp;<\/p>\n<p>Texto previamente publicado na <a href=\"https:\/\/www.publituris.pt\/opiniao\/pais-retangular-de-mentes-quadradas\">Publituris<\/a><\/p>","protected":false},"excerpt":{"rendered":"<p>Cada vez mais se discute estrat\u00e9gia, do que se devia fazer, quem o deveria fazer e quando. Mas os anos passam e ningu\u00e9m faz nada. Os dados s\u00e3o cada vez&#8230;<\/p>","protected":false},"author":1,"featured_media":460,"comment_status":"closed","ping_status":"open","sticky":false,"template":"","format":"standard","meta":{"footnotes":""},"categories":[9,25],"tags":[23,18,6,11,7],"class_list":{"0":"post-450","1":"post","2":"type-post","3":"status-publish","4":"format-standard","5":"has-post-thumbnail","7":"category-opiniao","8":"category-top","9":"tag-crise","10":"tag-digital","11":"tag-marketing","12":"tag-portugal","13":"tag-turismo"},"_links":{"self":[{"href":"https:\/\/guicosta.pt\/en\/wp-json\/wp\/v2\/posts\/450","targetHints":{"allow":["GET"]}}],"collection":[{"href":"https:\/\/guicosta.pt\/en\/wp-json\/wp\/v2\/posts"}],"about":[{"href":"https:\/\/guicosta.pt\/en\/wp-json\/wp\/v2\/types\/post"}],"author":[{"embeddable":true,"href":"https:\/\/guicosta.pt\/en\/wp-json\/wp\/v2\/users\/1"}],"replies":[{"embeddable":true,"href":"https:\/\/guicosta.pt\/en\/wp-json\/wp\/v2\/comments?post=450"}],"version-history":[{"count":1,"href":"https:\/\/guicosta.pt\/en\/wp-json\/wp\/v2\/posts\/450\/revisions"}],"predecessor-version":[{"id":451,"href":"https:\/\/guicosta.pt\/en\/wp-json\/wp\/v2\/posts\/450\/revisions\/451"}],"wp:featuredmedia":[{"embeddable":true,"href":"https:\/\/guicosta.pt\/en\/wp-json\/wp\/v2\/media\/460"}],"wp:attachment":[{"href":"https:\/\/guicosta.pt\/en\/wp-json\/wp\/v2\/media?parent=450"}],"wp:term":[{"taxonomy":"category","embeddable":true,"href":"https:\/\/guicosta.pt\/en\/wp-json\/wp\/v2\/categories?post=450"},{"taxonomy":"post_tag","embeddable":true,"href":"https:\/\/guicosta.pt\/en\/wp-json\/wp\/v2\/tags?post=450"}],"curies":[{"name":"wp","href":"https:\/\/api.w.org\/{rel}","templated":true}]}}