{"id":518,"date":"2023-03-20T08:36:25","date_gmt":"2023-03-20T08:36:25","guid":{"rendered":"https:\/\/guicosta.pt\/?p=518"},"modified":"2023-03-20T08:36:25","modified_gmt":"2023-03-20T08:36:25","slug":"quem-dal-e-tira","status":"publish","type":"post","link":"https:\/\/guicosta.pt\/en\/quem-dal-e-tira\/","title":{"rendered":"Quem d\u2019AL e tira"},"content":{"rendered":"<p>Escrevi\u00a0h\u00e1 algum tempo\u00a0como a cria\u00e7\u00e3o do Alojamento Local foi uma boa ideia de regular e taxar um mercado paralelo e como estava j\u00e1 a ser alvo de controv\u00e9rsias.<br \/>\nTodavia, o Governo deu mais um passo em frente, e em falso.<\/p>\n<p>Direto ao assunto \u2013 a gravidade est\u00e1 no afastamento da responsabilidade fundamental de um Governo republicano \u2013 o acesso \u00e0 habita\u00e7\u00e3o.<\/p>\n<p>N\u00e3o \u00e9, repito \u2013 n\u00e3o \u00e9 \u2013 da responsabilidade ou dever de um privado facultar o seu im\u00f3vel para qualquer uso para al\u00e9m daquele que este deseje.<\/p>\n<p>O apontar de responsabilidades n\u00e3o \u00e9 s\u00f3 feio, mas tamb\u00e9m hip\u00f3crita. Com 717 im\u00f3veis devolutos, as redes sociais n\u00e3o se fizeram esperar, com a\u00a0<a href=\"https:\/\/www.linkedin.com\/feed\/hashtag\/?keywords=devolutosdoestado&amp;highlightedUpdateUrns=urn%3Ali%3Aactivity%3A7043499640595333120\" data-attribute-index=\"0\">#devolutosdoestado<\/a>, revelando a quantidade de edif\u00edcios detidos pelo Estado que poderiam ser usados para habita\u00e7\u00e3o p\u00fablica.<\/p>\n<p>Seria para rir, se n\u00e3o fosse t\u00e3o grave.<\/p>\n<p>Todavia, n\u00e3o estamos sozinhos. Em todo o mundo a situa\u00e7\u00e3o \u00e9 semelhante, gra\u00e7as a uma pandemia e a uma globaliza\u00e7\u00e3o, e na Austr\u00e1lia est\u00e1 a acontecer precisamente o mesmo. As m\u00e1s ideias tamb\u00e9m s\u00e3o contagiosas, parece-me.<\/p>\n<p>A hipocrisia \u00e9 descarada e n\u00e3o tem vergonha porque \u00e9 desesperada. A um Governo desgastado, tremido e com fendas, s\u00f3 lhe resta apontar o dedo. E haver\u00e1 alvo maior que toda uma ind\u00fastria que se reergueu das cinzas de uma pandemia com energia e esperan\u00e7a?<\/p>\n<p>Aponta-se o dedo ao turismo, em especial, \u00e0queles que dificilmente sobreviveram a dois anos incrivelmente dif\u00edceis e que, agora, come\u00e7avam outra vez a dar passos com mais confian\u00e7a.<\/p>\n<p>Fica a pergunta, porque \u00e9 que o Estado, inv\u00e9s de gastar dinheiro em pacotes de apoio, n\u00e3o investe na recupera\u00e7\u00e3o dos ativos j\u00e1 detidos pelo Estado e os converte em habita\u00e7\u00e3o com rendas dignas?<\/p>\n<p>Fazendo assim concorr\u00eancia feroz e imponente num mercado completamente desregulado e selvagem?<\/p>\n<p>N\u00e3o ser\u00e1 mais proveitoso colocar amaciador no pelo do que lhe pegar fogo?<\/p>\n<p>Como \u00e9 \u00f3bvio, dir-me-\u00e3o que para isso \u00e9 preciso ainda mais dinheiro. Eu respondo que, tal como a energia, o dinheiro n\u00e3o se perde, muda de m\u00e3os, e eu preferia que este ficasse no Estado e fosse usado para o bem de todos n\u00f3s. Que pensamento radical.<br \/>\nPara al\u00e9m disso, nutre-se um mercado legal, lucrativo e ben\u00e9fico para um turismo mais aut\u00eantico e sustent\u00e1vel de Portugal, e agora volta-se atr\u00e1s, numa volatilidade que s\u00f3 transmite instabilidade?<\/p>\n<p>\u201cAndam a brincar com quem trabalha?\u201d<\/p>","protected":false},"excerpt":{"rendered":"<p>Escrevi\u00a0h\u00e1 algum tempo\u00a0como a cria\u00e7\u00e3o do Alojamento Local foi uma boa ideia de regular e taxar um mercado paralelo e como estava j\u00e1 a ser alvo de controv\u00e9rsias. Todavia, o&#8230;<\/p>","protected":false},"author":1,"featured_media":338,"comment_status":"closed","ping_status":"open","sticky":false,"template":"","format":"standard","meta":{"footnotes":""},"categories":[9],"tags":[24,11,7],"class_list":{"0":"post-518","1":"post","2":"type-post","3":"status-publish","4":"format-standard","5":"has-post-thumbnail","7":"category-opiniao","8":"tag-alojamento-local","9":"tag-portugal","10":"tag-turismo"},"_links":{"self":[{"href":"https:\/\/guicosta.pt\/en\/wp-json\/wp\/v2\/posts\/518","targetHints":{"allow":["GET"]}}],"collection":[{"href":"https:\/\/guicosta.pt\/en\/wp-json\/wp\/v2\/posts"}],"about":[{"href":"https:\/\/guicosta.pt\/en\/wp-json\/wp\/v2\/types\/post"}],"author":[{"embeddable":true,"href":"https:\/\/guicosta.pt\/en\/wp-json\/wp\/v2\/users\/1"}],"replies":[{"embeddable":true,"href":"https:\/\/guicosta.pt\/en\/wp-json\/wp\/v2\/comments?post=518"}],"version-history":[{"count":1,"href":"https:\/\/guicosta.pt\/en\/wp-json\/wp\/v2\/posts\/518\/revisions"}],"predecessor-version":[{"id":519,"href":"https:\/\/guicosta.pt\/en\/wp-json\/wp\/v2\/posts\/518\/revisions\/519"}],"wp:featuredmedia":[{"embeddable":true,"href":"https:\/\/guicosta.pt\/en\/wp-json\/wp\/v2\/media\/338"}],"wp:attachment":[{"href":"https:\/\/guicosta.pt\/en\/wp-json\/wp\/v2\/media?parent=518"}],"wp:term":[{"taxonomy":"category","embeddable":true,"href":"https:\/\/guicosta.pt\/en\/wp-json\/wp\/v2\/categories?post=518"},{"taxonomy":"post_tag","embeddable":true,"href":"https:\/\/guicosta.pt\/en\/wp-json\/wp\/v2\/tags?post=518"}],"curies":[{"name":"wp","href":"https:\/\/api.w.org\/{rel}","templated":true}]}}